{"id":13006,"date":"2025-02-11T14:03:58","date_gmt":"2025-02-11T21:03:58","guid":{"rendered":"https:\/\/villageatgriesbach.com\/?p=13006"},"modified":"2025-02-18T12:28:55","modified_gmt":"2025-02-18T19:28:55","slug":"celebrez-le-jour-de-la-famille-votre-guide-ultime-pour-le-reconfort-hivernal-au-village","status":"publish","type":"post","link":"https:\/\/villageatgriesbach.com\/fr\/celebrez-le-jour-de-la-famille-votre-guide-ultime-pour-le-reconfort-hivernal-au-village\/","title":{"rendered":"C\u00e9l\u00e9brez le jour de la Famille: Votre guide ultime pour le R\u00e9confort Hivernal au Village"},"content":{"rendered":"\n<div class=\"wp-block-cover alignfull\"><span aria-hidden=\"true\" class=\"wp-block-cover__background has-background-dim\" style=\"background-color:#64625c\"><\/span><img decoding=\"async\" class=\"wp-block-cover__image-background wp-image-13002\" alt=\"\" src=\"https:\/\/villageatgriesbach.com\/wp-content\/uploads\/2025\/01\/IMG_2662.jpg\" data-object-fit=\"cover\"\/><div class=\"wp-block-cover__inner-container is-layout-constrained wp-block-cover-is-layout-constrained\">\n<h1 class=\"wp-block-heading has-text-align-center has-white-color has-text-color has-large-font-size\"><p><strong>C\u00e9l\u00e9brez le jour de la Famille : Votre guide ultime pour <span data-teams=\"true\">le R\u00e9confort Hivernal au Village<\/span>&nbsp;<\/strong><\/p><\/h1>\n<\/div><\/div>\n\n\n\n<div style=\"height:41px\" aria-hidden=\"true\" class=\"wp-block-spacer\"><\/div>\n\n\n\n<p>Excellente nouvelle, Griesbach! Le <strong>R\u00e9confort Hivernal au Village<\/strong> est officiellement <strong>de retour<\/strong> avec une nouvelle date\u2014<strong>le dimanche 23 f\u00e9vrier 2025!<\/strong><\/p>\n\n\n\n<p><br>Apr\u00e8s avoir d\u00fb reporter en raison du froid extr\u00eame, nous sommes impatients de vous retrouver pour une f\u00eate communautaire. Profitez d\u2019une apr\u00e8s-midi d\u2019activit\u00e9s hivernales, de d\u00e9licieuses collations et de musique entra\u00eenante au l&#8217;\u00e9tang Maple Leaf!!<\/p>\n\n\n\n<p><\/p>\n\n\n\n<p><\/p>\n\n\n\n<p>\ud83d\udcc5 <strong>Nouvelle date:<\/strong> Dimanche 23 f\u00e9vrier 2025<br>\u23f0 <strong>Heure:<\/strong> 12 h 00 \u2013 16 h 00<br>\ud83d\udccd <strong>Lieu:<\/strong> Juste au nord-ouest du bassin Maple Leaf, Village at Griesbach<\/p>\n\n\n\n<p>Nous avons h\u00e2te de vous voir le 23 f\u00e9vrier!<\/p>\n\n\n\n<div style=\"height:25px\" aria-hidden=\"true\" class=\"wp-block-spacer\"><\/div>\n\n\n\n<h2 class=\"wp-block-heading\"><h3><strong>D\u00e9tails de l\u2019\u00e9v\u00e9nement\u00a0:<\/strong><\/h3><\/h2>\n\n\n\n<ul>\n<li><p><s><strong>Date&nbsp;:<\/strong> 17&nbsp;f\u00e9vrier&nbsp;2025<\/s><span style=\"color: initial; font-family: -apple-system, BlinkMacSystemFont, &quot;Segoe UI&quot;, Roboto, Oxygen-Sans, Ubuntu, Cantarell, &quot;Helvetica Neue&quot;, sans-serif;\">  <strong>Report\u00e9<\/strong><\/span><\/p><\/li>\n\n\n\n<li><p><strong>H<\/strong><s><strong>eure&nbsp;:<\/strong> 12&nbsp;h \u00e0 16&nbsp;h<\/s><\/p><\/li>\n\n\n\n<li><p><strong>Lieu&nbsp;:<\/strong> au nord-ouest de l\u2019\u00e9tang Maple Leaf, Village \u00e0 Griesbach<\/p><\/li>\n\n\n\n<li><p><strong>Adresse&nbsp;:<\/strong> Ad Astra Blvd NW, Edmonton, AB&nbsp;&nbsp;T5E&nbsp;6Z8 <a href=\"https:\/\/www.google.com\/maps\/dir\/53.6080544,-113.509782\/%4053.6069089,-113.5151049,1112m\/data=!3m1!1e3!4m2!4m1!3e0?entry=ttu&amp;g_ep=EgoyMDI1MDExNS4wIKXMDSoASAFQAw%3D%3D\" data-mce-href=\"https:\/\/www.google.com\/maps\/dir\/53.6080544,-113.509782\/%4053.6069089,-113.5151049,1112m\/data=!3m1!1e3!4m2!4m1!3e0?entry=ttu&amp;g_ep=EgoyMDI1MDExNS4wIKXMDSoASAFQAw%3D%3D\" data-mce- target=\"_blank\" rel=\"noopener\">(Cliquez ici pour obtenir l\u2019itin\u00e9raire<\/a>)<\/p><\/li>\n<\/ul>\n\n\n\n<p><p><em>Avertissement\u00a0: <\/em>En participant \u00e0 <span data-teams=\"true\">le R\u00e9confort Hivernal au Village <\/span>2025, vous reconnaissez et acceptez la possibilit\u00e9 d\u2019\u00eatre photographi\u00e9 ou enregistr\u00e9. Si vous ne souhaitez pas \u00eatre photographi\u00e9, veuillez en informer les organisateurs \u00e0 votre arriv\u00e9e.<\/p><\/p>\n\n\n\n<div style=\"height:60px\" aria-hidden=\"true\" class=\"wp-block-spacer\"><\/div>\n\n\n\n<h2 class=\"wp-block-heading\"><h3><strong>Quelles seront les activit\u00e9s \u00e0 <span data-teams=\"true\">le R\u00e9confort Hivernal au Village<\/span>?<\/strong><\/h3><\/h2>\n\n\n\n<p>Que vous soyez de la r\u00e9gion ou \u00e0 la recherche d\u2019une sortie hivernale amusante dans un nouveau quartier, ce jour de la Famille est l\u2019\u00e9v\u00e9nement \u00e0 ne pas manquer. \u00c0 le R\u00e9confort Hivernal au Village, nous c\u00e9l\u00e9brerons notre merveilleuse collectivit\u00e9 et les traditions canadiennes. Vous pourrez participer \u00e0 plusieurs activit\u00e9s en lien avec l\u2019hiver. Voici un aper\u00e7u de ce qui vous attend:<\/p>\n\n\n\n<div style=\"height:22px\" aria-hidden=\"true\" class=\"wp-block-spacer\"><\/div>\n\n\n\n<h2 class=\"wp-block-heading\"><h3><strong>Patinage \u00e0 l\u2019\u00e9tang Maple Leaf<\/strong><\/h3><\/h2>\n\n\n\n<p><p>Le patinage \u00e0 l\u2019honneur! L\u2019\u00e9v\u00e9nement aura lieu pr\u00e8s de l\u2019<a href=\"\/?page_id=3605\" data-mce-href=\"https:\/\/villageatgriesbach.com\/fr\/communaute\/commodites\/\">\u00e9tang Maple Leaf<\/a>. C\u2019est l\u2019un des endroits les plus pittoresques de Griesbach. Nous proc\u00e9derons au lancement de la saison de la nouvelle patinoire tant attendue. Apportez vos patins pour essayer cette nouvelle glace! C\u2019est tellement agr\u00e9able de patiner en plein air. Venez d\u00e9montrer votre aisance ou simplement vous laisser glisser avec vos enfants. Avec ses collines et ses environs couverts de neige, le site est id\u00e9al pour une journ\u00e9e d\u2019hiver pass\u00e9e confortablement \u00e0 l\u2019ext\u00e9rieur. Rappel\u00a0: c\u2019est un \u00e9v\u00e9nement \u00ab\u00a0Apportez vos patins\u00a0\u00bb. Alors, n\u2019oubliez pas les v\u00f4tres.<\/p><\/p>\n\n\n\n<div style=\"height:60px\" aria-hidden=\"true\" class=\"wp-block-spacer\"><\/div>\n\n\n\n<figure class=\"wp-block-image size-full\"><img decoding=\"async\" src=\"https:\/\/villageatgriesbach.com\/wp-content\/uploads\/2025\/01\/IMG_2662.jpg\" alt=\"\" class=\"wp-image-13002\" style=\"aspect-ratio:16\/9;object-fit:cover\"\/><figcaption class=\"wp-element-caption\">\u00c9tang Maple Leaf<\/figcaption><\/figure>\n\n\n\n<div style=\"height:60px\" aria-hidden=\"true\" class=\"wp-block-spacer\"><\/div>\n\n\n\n<h2 class=\"wp-block-heading\"><h3><strong>Tire d\u2019\u00e9rable sur la neige <\/strong><\/h3><\/h2>\n\n\n\n<p><p>Qui parmi vous n\u2019aime pas les sucreries \u00e0 l\u2019\u00e9rable? L\u2019\u00e9rabli\u00e8re <a href=\"https:\/\/www.canadianmapleshack.com\/\" data-mce-href=\"https:\/\/www.canadianmapleshack.com\/\" data-mce- target=\"_blank\" rel=\"noopener\">Canadian Maple Shack<\/a> sera sur place pour offrir cette friandise canadienne classique! Cette c\u00e9l\u00e8bre tradition autochtone a \u00e9t\u00e9 adopt\u00e9e par les colons fran\u00e7ais dans l\u2019est du Canada, plus pr\u00e9cis\u00e9ment au Qu\u00e9bec, o\u00f9 les for\u00eats d\u2019\u00e9rables sont denses. La tire d\u2019\u00e9rable sur la neige est rapidement devenue un incontournable des carnavals d\u2019hiver. Si vous n\u2019avez jamais go\u00fbt\u00e9 \u00e0 ce d\u00e9lice, pr\u00e9parez-vous \u00e0 tomber en amour! Le processus de fabrication de cette confiserie collante est simple, mais tellement d\u00e9licieux\u00a0: du sirop d\u2019\u00e9rable chaud est vers\u00e9 sur de la neige fra\u00eeche. Elle est ensuite enroul\u00e9e sur un b\u00e2ton. Un d\u00e9lice totalement r\u00e9confortant lors d\u2019une journ\u00e9e froide. Cet \u00e9l\u00e9ment du patrimoine canadien se marie parfaitement \u00e0 une journ\u00e9e d\u2019hiver pleine d\u2019activit\u00e9s. N\u2019oubliez pas d\u2019immortaliser le moment!<\/p><\/p>\n\n\n\n<div style=\"height:23px\" aria-hidden=\"true\" class=\"wp-block-spacer\"><\/div>\n\n\n\n<figure class=\"wp-block-image size-full\"><img fetchpriority=\"high\" decoding=\"async\" width=\"2048\" height=\"1519\" src=\"https:\/\/villageatgriesbach.com\/wp-content\/uploads\/2025\/01\/DSC_0836-scaled.jpg\" alt=\"\" class=\"wp-image-12993\" srcset=\"https:\/\/villageatgriesbach.com\/wp-content\/uploads\/2025\/01\/DSC_0836-scaled.jpg 2048w, https:\/\/villageatgriesbach.com\/wp-content\/uploads\/2025\/01\/DSC_0836-800x593.jpg 800w, https:\/\/villageatgriesbach.com\/wp-content\/uploads\/2025\/01\/DSC_0836-1726x1280.jpg 1726w, https:\/\/villageatgriesbach.com\/wp-content\/uploads\/2025\/01\/DSC_0836-768x570.jpg 768w, https:\/\/villageatgriesbach.com\/wp-content\/uploads\/2025\/01\/DSC_0836-1536x1139.jpg 1536w\" sizes=\"(max-width: 2048px) 100vw, 2048px\" \/><figcaption class=\"wp-element-caption\"><p><em>Tire d\u2019\u00e9rable<\/em><\/p><\/figcaption><\/figure>\n\n\n\n<div style=\"height:22px\" aria-hidden=\"true\" class=\"wp-block-spacer\"><\/div>\n\n\n\n<h2 class=\"wp-block-heading\"><h3><strong>Des boissons chaudes pour vous r\u00e9chauffer<\/strong><\/h3><\/h2>\n\n\n\n<p><p>Ne vous souciez pas du froid. Nous avons ce qu\u2019il vous faut pour vous r\u00e9chauffer\u00a0: du caf\u00e9 et du chocolat chaud gratuit offerts par l\u2019un de vos \u00e9tablissements locaux pr\u00e9f\u00e9r\u00e9s, le <a href=\"https:\/\/www.instagram.com\/parama_cafe_yeg\/?hl=fr\" data-mce-href=\"https:\/\/www.instagram.com\/parama_cafe_yeg\/?hl=fr\" data-mce- target=\"_blank\" rel=\"noopener\">Parama\u00a0Caf\u00e9<\/a>. Pour vous r\u00e9chauffer apr\u00e8s une s\u00e9ance de patinage ou simplement pour faire une pause et profiter de la magnifique atmosph\u00e8re hivernale, ces boissons et g\u00e2teries r\u00e9confortantes sont parfaites pour faire le plein d\u2019\u00e9nergie. Et par le fait m\u00eame, vous soutenez des <a href=\"\/?page_id=3605\" data-mce-href=\"https:\/\/villageatgriesbach.com\/fr\/communaute\/commodites\/\">entreprises locales de la collectivit\u00e9<\/a>. *<span data-teams=\"true\">Collations et boissons gratuites jusqu&#8217;\u00e0 \u00e9puisement des stocks.<\/span><\/p><\/p>\n\n\n\n<div style=\"height:20px\" aria-hidden=\"true\" class=\"wp-block-spacer\"><\/div>\n\n\n\n<h2 class=\"wp-block-heading\"><h3><strong>Un platiniste et la F\u00e9e des patins<\/strong><\/h3><\/h2>\n\n\n\n<p>Il y aura de la bonne musique et un invit\u00e9 magique \u00e0 la F\u00eate d\u2019hiver chaleureuse. Un platiniste et une f\u00e9e patineuse costum\u00e9e feront leur apparition! Le platiniste Thomas Culture cr\u00e9era des rythmes amusants tout l\u2019apr\u00e8s-midi, et les plus jeunes seront ravis de voir une f\u00e9e se joindre \u00e0 la f\u00eate du patinage! <\/p>\n\n\n\n<div style=\"height:20px\" aria-hidden=\"true\" class=\"wp-block-spacer\"><\/div>\n\n\n\n<figure class=\"wp-block-image size-full\"><img decoding=\"async\" width=\"2048\" height=\"1365\" src=\"https:\/\/villageatgriesbach.com\/wp-content\/uploads\/2025\/01\/IMG_0407-scaled.jpg\" alt=\"\" class=\"wp-image-12998\" srcset=\"https:\/\/villageatgriesbach.com\/wp-content\/uploads\/2025\/01\/IMG_0407-scaled.jpg 2048w, https:\/\/villageatgriesbach.com\/wp-content\/uploads\/2025\/01\/IMG_0407-800x533.jpg 800w, https:\/\/villageatgriesbach.com\/wp-content\/uploads\/2025\/01\/IMG_0407-1920x1280.jpg 1920w, https:\/\/villageatgriesbach.com\/wp-content\/uploads\/2025\/01\/IMG_0407-768x512.jpg 768w, https:\/\/villageatgriesbach.com\/wp-content\/uploads\/2025\/01\/IMG_0407-1536x1024.jpg 1536w\" sizes=\"(max-width: 2048px) 100vw, 2048px\" \/><figcaption class=\"wp-element-caption\"><p class=\"p1\">La F\u00e9e des patins<\/p><\/figcaption><\/figure>\n\n\n\n<div style=\"height:20px\" aria-hidden=\"true\" class=\"wp-block-spacer\"><\/div>\n\n\n\n<h2 class=\"wp-block-heading\"><h3><strong>Cadeaux et prix de Griesbach<\/strong><\/h3><\/h2>\n\n\n\n<p>Vous aimez les cadeaux? Des tuques, des autocollants, des \u00e9pinglettes et des sacs fourre-tout seront disponibles. Premier arriv\u00e9, premier servi. Alors, ne tardez pas pour obtenir un souvenir de la f\u00eate. Ne ratez pas l\u2019occasion. Ces articles seront disponibles jusqu\u2019\u00e0 \u00e9puisement des stocks.<\/p>\n\n\n\n<div style=\"height:20px\" aria-hidden=\"true\" class=\"wp-block-spacer\"><\/div>\n\n\n\n<h2 class=\"wp-block-heading\"><h3><strong>Des merveilleux souvenirs d\u2019hiver en photo<\/strong><\/h3><\/h2>\n\n\n\n<p>Aucune f\u00eate d\u2019hiver n\u2019est v\u00e9ritablement r\u00e9ussie sans des photos pour immortaliser les joies d\u2019une journ\u00e9e au grand air. Un photographe professionnel sera sur place pour prendre des photos durant l\u2019\u00e9v\u00e9nement. Vous pourrez ensuite t\u00e9l\u00e9charger tous ces beaux moments \u00e0 partir de notre site Web et conserver ces souvenirs d\u2019une journ\u00e9e merveilleuse pass\u00e9e avec votre famille et vos amis. N\u2019oubliez pas de les publier et de nous identifier @villageatgriesbach pour avoir la chance de figurer sur notre compte. <\/p>\n\n\n\n<div style=\"height:20px\" aria-hidden=\"true\" class=\"wp-block-spacer\"><\/div>\n\n\n\n<figure class=\"wp-block-image size-full\"><img decoding=\"async\" width=\"2048\" height=\"1356\" src=\"https:\/\/villageatgriesbach.com\/wp-content\/uploads\/2025\/01\/DSC_9418-scaled.jpg\" alt=\"\" class=\"wp-image-13000\"\/><figcaption class=\"wp-element-caption\">Le Village \u00e0 Griesbach<\/figcaption><\/figure>\n\n\n\n<div style=\"height:60px\" aria-hidden=\"true\" class=\"wp-block-spacer\"><\/div>\n\n\n\n<h2 class=\"wp-block-heading\"><h3><strong>Qu\u2019est-ce qui fait que cette <span data-teams=\"true\">le R\u00e9confort Hivernal au Village<\/span>\u00a0est unique?<\/strong><\/h3><\/h2>\n\n\n\n<p><p>La collectivit\u00e9 de Griesbach est un lieu unique et dynamique qui incarne v\u00e9ritablement l\u2019esprit d\u2019Edmonton. Situ\u00e9e dans une r\u00e9gion pittoresque, elle est connue pour ses <a href=\"\/?page_id=10472\" data-mce-href=\"https:\/\/villageatgriesbach.com\/fr\/possessions-rapides\/\">belles maisons neuves construites par des constructeurs renomm\u00e9s<\/a>, ses parcs, ses sentiers et, bien s\u00fbr, l\u2019\u00e9tang Maple\u00a0Leaf. La collectivit\u00e9 a de nombreux attraits remarquables, un <a href=\"\/?page_id=3600\" data-mce-href=\"https:\/\/villageatgriesbach.com\/fr\/communaute\/lheritage-de-griesbach\/\">riche pass\u00e9 militaire<\/a> et un fort sentiment de fiert\u00e9 locale.<\/p><\/p>\n\n\n\n<p>Le R\u00e9confort Hivernal au Village&nbsp;allie tradition et nouveaut\u00e9 : la tradition intemporelle de la tire d\u2019\u00e9rable sur la neige et la joie de patiner sur une nouvelle patinoire au c\u0153ur d\u2019une collectivit\u00e9 prosp\u00e8re. Cet \u00e9v\u00e9nement a pour but de rassembler les gens lors d\u2019une belle journ\u00e9e d\u2019hiver \u00e0 Edmonton.<\/p>\n\n\n\n<div style=\"height:60px\" aria-hidden=\"true\" class=\"wp-block-spacer\"><\/div>\n\n\n\n<h2 class=\"wp-block-heading\"><h3><strong>Ne manquez pas cette occasion\u00a0: notez la date!<\/strong><\/h3><\/h2>\n\n\n\n<p><p>Nous avons h\u00e2te de vous voir le <strong>17\u00a0f\u00e9vrier\u00a02025<\/strong>, de <strong>12\u00a0h \u00e0 16\u00a0h<\/strong>, \u00e0 l\u2019<strong>\u00e9tang Maple Leaf<\/strong> dans le <strong>Village \u00e0 Griesbach<\/strong>. Apportez vos patins et soyez pr\u00eat \u00e0 vous r\u00e9galer avec votre famille lors d\u2019une journ\u00e9e de <strong>plaisir dans la neige<\/strong>, avec de <strong>d\u00e9licieuses g\u00e2teries <\/strong>et de la bonne musique. *<span data-teams=\"true\">Collations et boissons gratuites jusqu&#8217;\u00e0 \u00e9puisement des stocks.<\/span><\/p><\/p>\n\n\n\n<p><p>Restez \u00e0 l\u2019aff\u00fbt de nos prochaines communications sur l\u2019\u00e9v\u00e9nement et suivez-nous sur <a href=\"https:\/\/www.instagram.com\/villageatgriesbach\/\" data-mce-href=\"https:\/\/www.instagram.com\/villageatgriesbach\/\" data-mce- target=\"_blank\" rel=\"noopener\">Instagram<\/a> + <a href=\"https:\/\/www.facebook.com\/villageatgriesbach\/\" data-mce-href=\"https:\/\/www.facebook.com\/villageatgriesbach\/\" data-mce- target=\"_blank\" rel=\"noopener\">Facebook<\/a> pour les derni\u00e8res nouvelles.<\/p><\/p>\n\n\n\n<div style=\"height:60px\" aria-hidden=\"true\" class=\"wp-block-spacer\"><\/div>\n","protected":false},"excerpt":{"rendered":"<p>Excellente nouvelle, Griesbach! Le R\u00e9confort Hivernal au Village est officiellement de retour avec une nouvelle date\u2014le dimanche 23 f\u00e9vrier 2025! Apr\u00e8s avoir d\u00fb reporter en raison du froid extr\u00eame, nous sommes impatients de vous retrouver pour une f\u00eate communautaire. Profitez d\u2019une apr\u00e8s-midi d\u2019activit\u00e9s hivernales, de d\u00e9licieuses collations et de musique entra\u00eenante au l&#8217;\u00e9tang Maple Leaf!! [&hellip;]<\/p>\n","protected":false},"author":13,"featured_media":13003,"comment_status":"closed","ping_status":"open","sticky":true,"template":"","format":"standard","meta":{"_acf_changed":false,"_relevanssi_hide_post":"","_relevanssi_hide_content":"","_relevanssi_pin_for_all":"","_relevanssi_pin_keywords":"","_relevanssi_unpin_keywords":"","_relevanssi_related_keywords":"","_relevanssi_related_include_ids":"","_relevanssi_related_exclude_ids":"","_relevanssi_related_no_append":"","_relevanssi_related_not_related":"","_relevanssi_related_posts":"12751,12310,10643,10116,8323,3470","_relevanssi_noindex_reason":"","footnotes":"","_wp_rev_ctl_limit":""},"categories":[6],"tags":[92,89,90,88,91],"acf":[],"_links":{"self":[{"href":"https:\/\/villageatgriesbach.com\/fr\/wp-json\/wp\/v2\/posts\/13006"}],"collection":[{"href":"https:\/\/villageatgriesbach.com\/fr\/wp-json\/wp\/v2\/posts"}],"about":[{"href":"https:\/\/villageatgriesbach.com\/fr\/wp-json\/wp\/v2\/types\/post"}],"author":[{"embeddable":true,"href":"https:\/\/villageatgriesbach.com\/fr\/wp-json\/wp\/v2\/users\/13"}],"replies":[{"embeddable":true,"href":"https:\/\/villageatgriesbach.com\/fr\/wp-json\/wp\/v2\/comments?post=13006"}],"version-history":[{"count":15,"href":"https:\/\/villageatgriesbach.com\/fr\/wp-json\/wp\/v2\/posts\/13006\/revisions"}],"predecessor-version":[{"id":13037,"href":"https:\/\/villageatgriesbach.com\/fr\/wp-json\/wp\/v2\/posts\/13006\/revisions\/13037"}],"wp:featuredmedia":[{"embeddable":true,"href":"https:\/\/villageatgriesbach.com\/fr\/wp-json\/wp\/v2\/media\/13003"}],"wp:attachment":[{"href":"https:\/\/villageatgriesbach.com\/fr\/wp-json\/wp\/v2\/media?parent=13006"}],"wp:term":[{"taxonomy":"category","embeddable":true,"href":"https:\/\/villageatgriesbach.com\/fr\/wp-json\/wp\/v2\/categories?post=13006"},{"taxonomy":"post_tag","embeddable":true,"href":"https:\/\/villageatgriesbach.com\/fr\/wp-json\/wp\/v2\/tags?post=13006"}],"curies":[{"name":"wp","href":"https:\/\/api.w.org\/{rel}","templated":true}]}}