{"id":10643,"date":"2023-06-13T10:19:30","date_gmt":"2023-06-13T16:19:30","guid":{"rendered":"https:\/\/villageatgriesbach.com\/la-fierte-a-griesbach\/"},"modified":"2023-06-13T10:19:33","modified_gmt":"2023-06-13T16:19:33","slug":"la-fierte-a-griesbach","status":"publish","type":"post","link":"https:\/\/villageatgriesbach.com\/fr\/la-fierte-a-griesbach\/","title":{"rendered":"La Fiert\u00e9 \u00e0 Griesbach"},"content":{"rendered":"\n<div class=\"wp-block-cover alignfull\"><span aria-hidden=\"true\" class=\"wp-block-cover__background has-background-dim\"><\/span><img fetchpriority=\"high\" decoding=\"async\" width=\"797\" height=\"448\" src=\"https:\/\/villageatgriesbach.com\/wp-content\/uploads\/2023\/06\/Griesbach-pride-june-2023.jpg\" class=\"wp-block-cover__image-background wp-post-image\" alt=\"Pride in Griesbach\n\nLa Fiert\u00e9 \u00e0 Griesbach\" data-object-fit=\"cover\" srcset=\"https:\/\/villageatgriesbach.com\/wp-content\/uploads\/2023\/06\/Griesbach-pride-june-2023.jpg 797w, https:\/\/villageatgriesbach.com\/wp-content\/uploads\/2023\/06\/Griesbach-pride-june-2023-768x432.jpg 768w\" sizes=\"(max-width: 797px) 100vw, 797px\" \/><div class=\"wp-block-cover__inner-container is-layout-flow wp-block-cover-is-layout-flow\">\n<h1 class=\"wp-block-heading has-text-align-center has-large-font-size\">La Fiert\u00e9 \u00e0 Griesbach<\/h1>\n<\/div><\/div>\n\n<div style=\"height:35px\" aria-hidden=\"true\" class=\"wp-block-spacer\"><\/div>\n\n<p>C\u2019est le Mois de la fiert\u00e9! Parlons de toutes les fa\u00e7ons de c\u00e9l\u00e9brer la Fiert\u00e9 ici \u00e0 Griesbach. Que vous soyez un membre de la communaut\u00e9 LGBTQIA2S+ \u00e0 la recherche de c\u00e9l\u00e9brations et d\u2019occasions de tisser des liens avec d\u2019autres membres, ou que vous soyez un alli\u00e9 voulant offrir votre soutien, voici quelques suggestions.<\/p>\n\n<h2 class=\"wp-block-heading\">Qu\u2019est-ce que le Mois de la fiert\u00e9?<\/h2>\n\n<div style=\"height:20px\" aria-hidden=\"true\" class=\"wp-block-spacer\"><\/div>\n\n<figure class=\"wp-block-image size-full\"><img decoding=\"async\" width=\"797\" height=\"448\" src=\"https:\/\/villageatgriesbach.com\/wp-content\/uploads\/2023\/06\/pride-parage-griesbach-blog.jpg\" alt=\"Pride Parade&#13;&#10;&#13;&#10;d&#xE9;fil&#xE9; de la fiert&#xE9;&#13;&#10;\" class=\"wp-image-10634\" srcset=\"https:\/\/villageatgriesbach.com\/wp-content\/uploads\/2023\/06\/pride-parage-griesbach-blog.jpg 797w, https:\/\/villageatgriesbach.com\/wp-content\/uploads\/2023\/06\/pride-parage-griesbach-blog-768x432.jpg 768w\" sizes=\"(max-width: 797px) 100vw, 797px\" \/><\/figure>\n\n<div style=\"height:20px\" aria-hidden=\"true\" class=\"wp-block-spacer\"><\/div>\n\n<p>Au Canada, le Mois de la fiert\u00e9 se d\u00e9roule au mois de juin et est consacr\u00e9 \u00e0 la c\u00e9l\u00e9bration de la fiert\u00e9 LGBTQIA2S+. Cette c\u00e9l\u00e9bration annuelle est n\u00e9e de la comm\u00e9moration de l\u2019anniversaire des \u00e9meutes de Stonewall Inn. Il y a plus de 50 ans, ces \u00e9meutes ont donn\u00e9 lieu \u00e0 une marche pacifique au cours de laquelle les membres de la communaut\u00e9 ont pu se promener sans restrictions ni r\u00e8gles vestimentaires, fiers d\u2019\u00eatre eux-m\u00eames et d\u2019exprimer librement leur sexualit\u00e9 et leur identit\u00e9, sans se cacher. Le Mois de la fiert\u00e9 a \u00e9volu\u00e9 pour inclure tous les membres de la communaut\u00e9 LGBTQIA2S+.<\/p>\n\n<div style=\"height:20px\" aria-hidden=\"true\" class=\"wp-block-spacer\"><\/div>\n\n<h3 class=\"wp-block-heading\">Que signifie LGBTQIA2S+?<\/h3>\n\n<p><strong>L<\/strong>\u00a0: Lesbienne\u00a0\u2013\u00a0Une femme attir\u00e9e par les femmes, y compris les femmes cisgenres et transgenres.<\/p>\n\n<p><strong>G<\/strong>\u00a0: Gai\u00a0\u2013\u00a0Un homme attir\u00e9 par les hommes, y compris les hommes cisgenres et transgenres.<\/p>\n\n<p><strong>B<\/strong>\u00a0: Personne bisexuelle\u00a0\u2013\u00a0Une personne attir\u00e9e par plus d\u2019un genre. \u00ab\u00a0Bisexuel\u00a0\u00bb ne signifie pas toujours attir\u00e9 \u00e0 la fois par les hommes et les femmes, mais certaines personnes bisexuelles sont attir\u00e9es par seulement des hommes et seulement des femmes.<\/p>\n\n<p><strong>T<\/strong>\u00a0: Transgenre\u00a0\u2013\u00a0Une personne dont l\u2019alignement de genre est diff\u00e9rent de son sexe \u00e0 la naissance. Les personnes transgenres peuvent avoir n\u2019importe quelle orientation sexuelle.<\/p>\n\n<p><strong>Q<\/strong>\u00a0: Queer ou en questionnement\u00a0\u2013\u00a0Une personne qui s\u2019identifie comme \u00ab\u00a0non h\u00e9t\u00e9rosexuelle\u00a0\u00bb. Ces personnes peuvent \u00eatre en train de d\u00e9couvrir leur sexualit\u00e9 et leur identit\u00e9, ou simplement ne pas vouloir l\u2019\u00e9tiqueter. L\u2019identit\u00e9 queer est volontairement floue.<\/p>\n\n<p><strong>I<\/strong>\u00a0: Intersexe\u00a0\u2013\u00a0Une personne n\u00e9e avec diverses caract\u00e9ristiques sexuelles qui sont en dehors du syst\u00e8me binaire de l\u2019identification sexuelle masculine ou f\u00e9minine.<\/p>\n\n<p><strong>A<\/strong>\u00a0: Personne asexuelle\u00a0\u2013\u00a0Une personne qui ressent tr\u00e8s peu ou pas de d\u00e9sir sexuel, peu importe le genre des personnes.<\/p>\n\n<p><strong>2S<\/strong>\u00a0: Personne bispirituelle\u00a0\u2013\u00a0Fait r\u00e9f\u00e9rence \u00e0 la compr\u00e9hension de la complexit\u00e9 culturelle, spirituelle, sexuelle et \u00e0 l\u2019identit\u00e9 de genre d\u2019une personne autochtone<\/p>\n\n<p><strong>+<\/strong>\u00a0: Il s\u2019agit d\u2019une indication que cette liste n\u2019est pas compl\u00e8te, et pour affirmer que toutes les personnes qui font partie de la communaut\u00e9 sont incluses.<\/p>\n\n<div style=\"height:20px\" aria-hidden=\"true\" class=\"wp-block-spacer\"><\/div>\n\n<h2 class=\"wp-block-heading\">O\u00f9 pouvez-vous c\u00e9l\u00e9brer la Fiert\u00e9?<\/h2>\n\n<div style=\"height:20px\" aria-hidden=\"true\" class=\"wp-block-spacer\"><\/div>\n\n<figure class=\"wp-block-image size-full\"><img decoding=\"async\" width=\"797\" height=\"448\" src=\"https:\/\/villageatgriesbach.com\/wp-content\/uploads\/2023\/06\/pride-flag-griesbach.jpg\" alt=\"Griesbach's Pride Flag&#13;&#10;&#13;&#10;Drapeau de la fiert&#xE9; de Griesbach\" class=\"wp-image-10636\" srcset=\"https:\/\/villageatgriesbach.com\/wp-content\/uploads\/2023\/06\/pride-flag-griesbach.jpg 797w, https:\/\/villageatgriesbach.com\/wp-content\/uploads\/2023\/06\/pride-flag-griesbach-768x432.jpg 768w\" sizes=\"(max-width: 797px) 100vw, 797px\" \/><\/figure>\n\n<div style=\"height:20px\" aria-hidden=\"true\" class=\"wp-block-spacer\"><\/div>\n\n<p>Il y a beaucoup d\u2019\u00e9v\u00e9nements exceptionnels dans le cadre du Mois la fiert\u00e9 \u00e0 Edmonton cette ann\u00e9e! Griesbach n\u2019est qu\u2019\u00e0 12 minutes en voiture du centre-ville. Si vous habitez dans la collectivit\u00e9, vous pourrez vous rendre \u00e0 la plupart des \u00e9v\u00e9nements facilement!<\/p>\n\n<p>Le samedi\u00a017\u00a0juin, vous pourrez assister au <a href=\"https:\/\/prideedmonton.ca\/event\/edmonton-drag-festival\/\" target=\"_blank\" rel=\"noopener\">Festival de drag queen d\u2019Edmonton<\/a> au parc riverain Louise\u00a0McKinney. L\u2019entr\u00e9e au festival co\u00fbte 32\u00a0$ par personne. Si vous cherchez une option plus abordable ce jour-l\u00e0, vous pouvez \u00e9galement assister \u00e0 <a href=\"https:\/\/prideedmonton.ca\/event\/glow-with-pride\/\" target=\"_blank\" rel=\"noopener\">Lueur de Fiert\u00e9<\/a>, un \u00e9v\u00e9nement organis\u00e9 apr\u00e8s la tomb\u00e9e de la nuit avec de la musique, des peintres corporels et beaucoup de b\u00e2tons phosphorescents! Le 24\u00a0juin, vous pourrez vous rendre au <a href=\"https:\/\/prideedmonton.ca\/event\/pride-corner-on-whyte-june-23\/\" target=\"_blank\" rel=\"noopener\">Coin de la Fiert\u00e9\u00a0sur\u00a0Whyte<\/a>, o\u00f9 vous pourrez profiter de la danse, de la musique, \u00e0 la communication d\u2019information et d\u2019une ambiance empreinte d\u2019amour, tout en manifestant pacifiquement contre la discrimination. Le 24\u00a0juin aura lieu la <a href=\"https:\/\/prideedmonton.ca\/event\/pride-month-finale-party\/\" target=\"_blank\" rel=\"noopener\">f\u00eate de cl\u00f4ture du mois de la Fiert\u00e9<\/a>, qui pr\u00e9sentera de nombreux spectacles musicaux. Beaucoup de plaisir en perspective!<\/p>\n\n<p>Il y a beaucoup d\u2019autres \u00e9v\u00e9nements, petits et grands, \u00e0 Edmonton pour c\u00e9l\u00e9brer le mois de la Fiert\u00e9! En ao\u00fbt, Edmonton accueille \u00e9galement le <a href=\"https:\/\/edmontonpridefest.com\/\" target=\"_blank\" rel=\"noopener\">Festival de la Fiert\u00e9<\/a>, o\u00f9 vous pouvez participer aux festivit\u00e9s! C\u00e9l\u00e9brer la Fiert\u00e9, c\u2019est saluer la force et le courage qu\u2019il faut pour \u00eatre soi-m\u00eame et montrer que l\u2019inclusion et l\u2019acceptation contribuent \u00e0 rendre notre monde meilleur! Quelle que soit la mani\u00e8re dont vous c\u00e9l\u00e9brez la Fiert\u00e9, nous esp\u00e9rons que vous le ferez avec gentillesse et compassion.<\/p>\n\n<div style=\"height:20px\" aria-hidden=\"true\" class=\"wp-block-spacer\"><\/div>\n\n<h2 class=\"wp-block-heading\">Comment \u00eatre un alli\u00e9 pendant le mois de la Fiert\u00e9<\/h2>\n\n<div style=\"height:20px\" aria-hidden=\"true\" class=\"wp-block-spacer\"><\/div>\n\n<p>Il existe de nombreuses fa\u00e7ons d\u2019\u00eatre un alli\u00e9 durant les c\u00e9l\u00e9brations de la Fiert\u00e9. Le plus important est de rester humble. \u00catre un bon alli\u00e9, c\u2019est s\u2019effacer au profit des membres de la communaut\u00e9 LGBTQIA2S+. Que vous le fassiez de mani\u00e8re explicite ou subtile, il est important de faire savoir aux membres de la communaut\u00e9 LGBTQIA2S+ que vous les soutenez et les acceptez tels qu\u2019ils sont. \u00catre \u00e0 l\u2019\u00e9coute, faire preuve d\u2019ouverture d\u2019esprit et \u00eatre pr\u00eat \u00e0 agir de mani\u00e8re inclusive sont les qualit\u00e9s fondamentales d\u2019un bon alli\u00e9. <\/p>\n\n<p>Une deuxi\u00e8me fa\u00e7on d\u2019\u00eatre un bon alli\u00e9 est de s\u2019\u00e9lever contre les blagues ou les commentaires fond\u00e9s sur des pr\u00e9jug\u00e9s. Emp\u00eachez vos coll\u00e8gues, vos amis et votre famille de s\u2019exprimer d\u2019une mani\u00e8re qui engendre un climat d\u2019ins\u00e9curit\u00e9 pour les membres de la communaut\u00e9 LGBTQIA2S+. Il s\u2019agit \u00e9galement d\u2019utiliser les pronoms pr\u00e9f\u00e9r\u00e9s de quelqu\u2019un, de refuser de morinommer les personnes transgenres et de s\u2019assurer que l\u2019on pr\u00f4ne la gentillesse et l\u2019inclusivit\u00e9. Une troisi\u00e8me fa\u00e7on d\u2019\u00eatre un bon alli\u00e9 consiste \u00e0 s\u2019informer sur l\u2019histoire du mouvement LGBTQIA2S+, les origines de la c\u00e9l\u00e9bration de la Fiert\u00e9, la terminologie inclusive et actuelle associ\u00e9e aux identit\u00e9s LGBTQIA2S+ et sur toutes les id\u00e9es fausses. Le premier pas vers la cr\u00e9ation d\u2019espaces plus accueillants et plus inclusifs, c\u2019est l\u2019\u00e9ducation! En fin de compte, la meilleure fa\u00e7on d\u2019\u00eatre un bon alli\u00e9 pendant les c\u00e9l\u00e9brations de la Fiert\u00e9 (et tous les autres mois de l\u2019ann\u00e9e) est d\u2019agir avec compassion, gentillesse, amour, et de mani\u00e8re inclusive!<\/p>\n\n<div style=\"height:20px\" aria-hidden=\"true\" class=\"wp-block-spacer\"><\/div>\n\n<figure class=\"wp-block-image size-full\"><img loading=\"lazy\" decoding=\"async\" width=\"797\" height=\"448\" src=\"https:\/\/villageatgriesbach.com\/wp-content\/uploads\/2023\/06\/griesbach-pride-couple.jpg\" alt=\"Happy LGBT+ couple&#13;&#10;&#13;&#10;Heureux couple LGBT+\" class=\"wp-image-10638\" srcset=\"https:\/\/villageatgriesbach.com\/wp-content\/uploads\/2023\/06\/griesbach-pride-couple.jpg 797w, https:\/\/villageatgriesbach.com\/wp-content\/uploads\/2023\/06\/griesbach-pride-couple-768x432.jpg 768w\" sizes=\"(max-width: 797px) 100vw, 797px\" \/><\/figure>\n\n<div style=\"height:20px\" aria-hidden=\"true\" class=\"wp-block-spacer\"><\/div>\n\n<h2 class=\"wp-block-heading\">Village \u00e0 Griesbach c\u00e9l\u00e8bre la Fiert\u00e9<\/h2>\n\n<div style=\"height:20px\" aria-hidden=\"true\" class=\"wp-block-spacer\"><\/div>\n\n<p>Village \u00e0 Griesbach est une collectivit\u00e9 qui c\u00e9l\u00e8bre les liens et l\u2019ouverture d\u2019esprit pour toutes les personnes, peu importe leur origine ethnique, leur orientation sexuelle, leur identit\u00e9 ou leur expression de genre, leur \u00e2ge, leur handicap, leur religion ou tout autre facteur. Griesbach est une collectivit\u00e9 ouverte \u00e0 tous et \u00e0 toutes, et nous ne tol\u00e9rons aucune forme de discrimination. C\u2019est avec joie que nous c\u00e9l\u00e9brons le Mois de la fiert\u00e9 cette ann\u00e9e, et nous continuerons \u00e0 faire de Griesbach un espace s\u00fbr pour tous les membres de la communaut\u00e9 LGBTQIA2S+! Si vous c\u00e9l\u00e9brez la Fiert\u00e9 \u00e0 Griesbach cette ann\u00e9e, nous aimerions vous entendre \u00e0 ce sujet. Merci de nous identifier sur Instagram (<a href=\"https:\/\/www.instagram.com\/villageatgriesbach\/\" target=\"_blank\" rel=\"noreferrer noopener\" data-type=\"URL\" data-id=\"https:\/\/www.instagram.com\/villageatgriesbach\/\">@villageatgriesbach<\/a>)!<\/p>\n","protected":false},"excerpt":{"rendered":"<p>C\u2019est le Mois de la fiert\u00e9! Parlons de toutes les fa\u00e7ons de c\u00e9l\u00e9brer la Fiert\u00e9 ici \u00e0 Griesbach. Que vous soyez un membre de la communaut\u00e9 LGBTQIA2S+ \u00e0 la recherche de c\u00e9l\u00e9brations et d\u2019occasions de tisser des liens avec d\u2019autres membres, ou que vous soyez un alli\u00e9 voulant offrir votre soutien, voici quelques suggestions. Qu\u2019est-ce [&hellip;]<\/p>\n","protected":false},"author":16,"featured_media":10633,"comment_status":"open","ping_status":"open","sticky":false,"template":"","format":"standard","meta":{"_acf_changed":false,"_relevanssi_hide_post":"","_relevanssi_hide_content":"","_relevanssi_pin_for_all":"","_relevanssi_pin_keywords":"","_relevanssi_unpin_keywords":"","_relevanssi_related_keywords":"","_relevanssi_related_include_ids":"","_relevanssi_related_exclude_ids":"","_relevanssi_related_no_append":"","_relevanssi_related_not_related":"","_relevanssi_related_posts":"","_relevanssi_noindex_reason":"","footnotes":"","_wp_rev_ctl_limit":""},"categories":[72],"tags":[],"acf":[],"_links":{"self":[{"href":"https:\/\/villageatgriesbach.com\/fr\/wp-json\/wp\/v2\/posts\/10643"}],"collection":[{"href":"https:\/\/villageatgriesbach.com\/fr\/wp-json\/wp\/v2\/posts"}],"about":[{"href":"https:\/\/villageatgriesbach.com\/fr\/wp-json\/wp\/v2\/types\/post"}],"author":[{"embeddable":true,"href":"https:\/\/villageatgriesbach.com\/fr\/wp-json\/wp\/v2\/users\/16"}],"replies":[{"embeddable":true,"href":"https:\/\/villageatgriesbach.com\/fr\/wp-json\/wp\/v2\/comments?post=10643"}],"version-history":[{"count":1,"href":"https:\/\/villageatgriesbach.com\/fr\/wp-json\/wp\/v2\/posts\/10643\/revisions"}],"predecessor-version":[{"id":10644,"href":"https:\/\/villageatgriesbach.com\/fr\/wp-json\/wp\/v2\/posts\/10643\/revisions\/10644"}],"wp:featuredmedia":[{"embeddable":true,"href":"https:\/\/villageatgriesbach.com\/fr\/wp-json\/wp\/v2\/media\/10633"}],"wp:attachment":[{"href":"https:\/\/villageatgriesbach.com\/fr\/wp-json\/wp\/v2\/media?parent=10643"}],"wp:term":[{"taxonomy":"category","embeddable":true,"href":"https:\/\/villageatgriesbach.com\/fr\/wp-json\/wp\/v2\/categories?post=10643"},{"taxonomy":"post_tag","embeddable":true,"href":"https:\/\/villageatgriesbach.com\/fr\/wp-json\/wp\/v2\/tags?post=10643"}],"curies":[{"name":"wp","href":"https:\/\/api.w.org\/{rel}","templated":true}]}}